{"id":1540,"date":"2024-11-14T11:59:24","date_gmt":"2024-11-14T10:59:24","guid":{"rendered":"https:\/\/laluttedessucs.noblogs.org\/?p=1540"},"modified":"2024-11-14T11:59:24","modified_gmt":"2024-11-14T10:59:24","slug":"alliances-terrestres","status":"publish","type":"post","link":"https:\/\/laluttedessucs.noblogs.org\/?p=1540","title":{"rendered":"ALLIANCES TERRESTRES"},"content":{"rendered":"<p><strong><img loading=\"lazy\" decoding=\"async\" class=\"size-medium wp-image-1541 alignleft\" src=\"https:\/\/laluttedessucs.noblogs.org\/files\/2024\/11\/466380785_989449436554962_1662175920636623780_n-300x300.jpg\" alt=\"\" width=\"300\" height=\"300\" srcset=\"https:\/\/laluttedessucs.noblogs.org\/files\/2024\/11\/466380785_989449436554962_1662175920636623780_n-300x300.jpg 300w, https:\/\/laluttedessucs.noblogs.org\/files\/2024\/11\/466380785_989449436554962_1662175920636623780_n-1021x1024.jpg 1021w, https:\/\/laluttedessucs.noblogs.org\/files\/2024\/11\/466380785_989449436554962_1662175920636623780_n-150x150.jpg 150w, https:\/\/laluttedessucs.noblogs.org\/files\/2024\/11\/466380785_989449436554962_1662175920636623780_n-768x770.jpg 768w, https:\/\/laluttedessucs.noblogs.org\/files\/2024\/11\/466380785_989449436554962_1662175920636623780_n.jpg 1080w\" sizes=\"auto, (max-width: 300px) 100vw, 300px\" \/>Jeudi 14 novembre 19h<\/strong><\/p>\n<p>Au B\u00e9luga, 12, avenue Foch, Le Puy<\/p>\n<p>Projection Film en pr\u00e9sence de la r\u00e9alisatrice + Cantine organis\u00e9e par\u00a0la lutte des sucs<\/p>\n<p><strong>ALLIANCES TERRESTRES<\/strong><br \/>\nUn film d&rsquo;Isabelle Haelvo\u00ebt &#8211; 89 mn \u2013 2024<\/p>\n<p>La lutte contre le projet de l&rsquo;autoroute A69 (Castres-Toulouse) a pris une nouvelle dimension avec les premiers signes concrets de sa construction (usines \u00e0 bitume, abattage des arbres, d\u00e9marrage des travaux&#8230;) et surtout avec la multiplication des collectifs s&rsquo;opposant \u00e0 ce projet. Ce film retrace la mont\u00e9e en puissance du mouvement de r\u00e9sistance de cette lutte et entrem\u00eale les \u00e9clairages de sociologue, \u00e9conomiste et avocate sur l&rsquo;accaparement des terres agricoles, concepts de subsistances, \u00e9cof\u00e9minisme et justice environnementale.<\/p>\n<p>L&rsquo;intelligence collective, la solidarit\u00e9 et les alliances entre les luttes dispers\u00e9es sur le territoire n&rsquo;ont pas dit leur dernier mot ! Le film sera suivi d&rsquo;un d\u00e9bat avec la r\u00e9alisatrice puis d&rsquo;une cantine de soutien aux militants de l&rsquo;A69.<\/p>\n<p>Prix libre<\/p>\n","protected":false},"excerpt":{"rendered":"<p>Jeudi 14 novembre 19h Au B\u00e9luga, 12, avenue Foch, Le Puy Projection Film en pr\u00e9sence de la r\u00e9alisatrice + Cantine organis\u00e9e par\u00a0la lutte des sucs ALLIANCES TERRESTRES Un film d&rsquo;Isabelle Haelvo\u00ebt &#8211; 89 mn \u2013 2024 La lutte contre le &hellip; <a href=\"https:\/\/laluttedessucs.noblogs.org\/?p=1540\">Continuer la lecture <span class=\"meta-nav\">&rarr;<\/span><\/a><\/p>\n","protected":false},"author":15577,"featured_media":0,"comment_status":"closed","ping_status":"closed","sticky":false,"template":"","format":"standard","meta":{"footnotes":""},"categories":[7],"tags":[],"class_list":["post-1540","post","type-post","status-publish","format-standard","hentry","category-actualite-de-la-lutte"],"_links":{"self":[{"href":"https:\/\/laluttedessucs.noblogs.org\/index.php?rest_route=\/wp\/v2\/posts\/1540","targetHints":{"allow":["GET"]}}],"collection":[{"href":"https:\/\/laluttedessucs.noblogs.org\/index.php?rest_route=\/wp\/v2\/posts"}],"about":[{"href":"https:\/\/laluttedessucs.noblogs.org\/index.php?rest_route=\/wp\/v2\/types\/post"}],"author":[{"embeddable":true,"href":"https:\/\/laluttedessucs.noblogs.org\/index.php?rest_route=\/wp\/v2\/users\/15577"}],"replies":[{"embeddable":true,"href":"https:\/\/laluttedessucs.noblogs.org\/index.php?rest_route=%2Fwp%2Fv2%2Fcomments&post=1540"}],"version-history":[{"count":1,"href":"https:\/\/laluttedessucs.noblogs.org\/index.php?rest_route=\/wp\/v2\/posts\/1540\/revisions"}],"predecessor-version":[{"id":1542,"href":"https:\/\/laluttedessucs.noblogs.org\/index.php?rest_route=\/wp\/v2\/posts\/1540\/revisions\/1542"}],"wp:attachment":[{"href":"https:\/\/laluttedessucs.noblogs.org\/index.php?rest_route=%2Fwp%2Fv2%2Fmedia&parent=1540"}],"wp:term":[{"taxonomy":"category","embeddable":true,"href":"https:\/\/laluttedessucs.noblogs.org\/index.php?rest_route=%2Fwp%2Fv2%2Fcategories&post=1540"},{"taxonomy":"post_tag","embeddable":true,"href":"https:\/\/laluttedessucs.noblogs.org\/index.php?rest_route=%2Fwp%2Fv2%2Ftags&post=1540"}],"curies":[{"name":"wp","href":"https:\/\/api.w.org\/{rel}","templated":true}]}}