{"id":1529,"date":"2024-09-10T18:55:00","date_gmt":"2024-09-10T16:55:00","guid":{"rendered":"https:\/\/laluttedessucs.noblogs.org\/?p=1529"},"modified":"2024-09-10T18:55:00","modified_gmt":"2024-09-10T16:55:00","slug":"les-avocats-de-la-lutte-des-sucs-apres-le-proces-renvoye-au-puy-en-velay","status":"publish","type":"post","link":"https:\/\/laluttedessucs.noblogs.org\/?p=1529","title":{"rendered":"Les avocats de la Lutte des Sucs apr\u00e8s le proc\u00e8s renvoy\u00e9 au Puy-en-Velay"},"content":{"rendered":"<p><img loading=\"lazy\" decoding=\"async\" class=\"alignnone  wp-image-1482\" src=\"https:\/\/laluttedessucs.noblogs.org\/files\/2024\/05\/commere-logo-300x81.png\" alt=\"\" width=\"156\" height=\"42\" srcset=\"https:\/\/laluttedessucs.noblogs.org\/files\/2024\/05\/commere-logo-300x81.png 300w, https:\/\/laluttedessucs.noblogs.org\/files\/2024\/05\/commere-logo.png 475w\" sizes=\"auto, (max-width: 156px) 100vw, 156px\" \/><\/p>\n<p><iframe loading=\"lazy\" title=\"Les avocats de la Lutte des Sucs apr\u00e8s le proc\u00e8s renvoy\u00e9 au Puy-en-Velay\" width=\"640\" height=\"360\" src=\"https:\/\/www.youtube.com\/embed\/drWwBiUqseU?feature=oembed\" frameborder=\"0\" allow=\"accelerometer; autoplay; clipboard-write; encrypted-media; gyroscope; picture-in-picture; web-share\" referrerpolicy=\"strict-origin-when-cross-origin\" allowfullscreen><\/iframe><\/p>\n","protected":false},"excerpt":{"rendered":"","protected":false},"author":15577,"featured_media":0,"comment_status":"closed","ping_status":"closed","sticky":false,"template":"","format":"standard","meta":{"footnotes":""},"categories":[7],"tags":[],"class_list":["post-1529","post","type-post","status-publish","format-standard","hentry","category-actualite-de-la-lutte"],"_links":{"self":[{"href":"https:\/\/laluttedessucs.noblogs.org\/index.php?rest_route=\/wp\/v2\/posts\/1529","targetHints":{"allow":["GET"]}}],"collection":[{"href":"https:\/\/laluttedessucs.noblogs.org\/index.php?rest_route=\/wp\/v2\/posts"}],"about":[{"href":"https:\/\/laluttedessucs.noblogs.org\/index.php?rest_route=\/wp\/v2\/types\/post"}],"author":[{"embeddable":true,"href":"https:\/\/laluttedessucs.noblogs.org\/index.php?rest_route=\/wp\/v2\/users\/15577"}],"replies":[{"embeddable":true,"href":"https:\/\/laluttedessucs.noblogs.org\/index.php?rest_route=%2Fwp%2Fv2%2Fcomments&post=1529"}],"version-history":[{"count":1,"href":"https:\/\/laluttedessucs.noblogs.org\/index.php?rest_route=\/wp\/v2\/posts\/1529\/revisions"}],"predecessor-version":[{"id":1530,"href":"https:\/\/laluttedessucs.noblogs.org\/index.php?rest_route=\/wp\/v2\/posts\/1529\/revisions\/1530"}],"wp:attachment":[{"href":"https:\/\/laluttedessucs.noblogs.org\/index.php?rest_route=%2Fwp%2Fv2%2Fmedia&parent=1529"}],"wp:term":[{"taxonomy":"category","embeddable":true,"href":"https:\/\/laluttedessucs.noblogs.org\/index.php?rest_route=%2Fwp%2Fv2%2Fcategories&post=1529"},{"taxonomy":"post_tag","embeddable":true,"href":"https:\/\/laluttedessucs.noblogs.org\/index.php?rest_route=%2Fwp%2Fv2%2Ftags&post=1529"}],"curies":[{"name":"wp","href":"https:\/\/api.w.org\/{rel}","templated":true}]}}