{"id":1462,"date":"2024-05-12T11:29:47","date_gmt":"2024-05-12T09:29:47","guid":{"rendered":"https:\/\/laluttedessucs.noblogs.org\/?p=1462"},"modified":"2024-05-12T11:31:00","modified_gmt":"2024-05-12T09:31:00","slug":"communique-commun-de-la-confederation-paysanne-63-bnm-63-79-les-soulevements-de-la-terre-dextinction-rebellion-clermont-ferrand-et-les-faucheurs-volontaires","status":"publish","type":"post","link":"https:\/\/laluttedessucs.noblogs.org\/?p=1462","title":{"rendered":"Communiqu\u00e9 commun de la Conf\u00e9d\u00e9ration Paysanne 63, BNM 63, 79, les Soul\u00e8vements de la terre, d&rsquo;Extinction Rebellion Clermont-Ferrand et les Faucheurs volontaires"},"content":{"rendered":"<h3>Ce samedi 11 Mai \u00e0 l\u2019appel de BNM 63, La conf\u00e9d\u00e9ration paysanne, les Soul\u00e8vements de la terre et\u00a0 les faucheurs volontaires,<strong> 6000 \u00e0 7000 personnes ont converg\u00e9 vers la Limagne <\/strong>pour une premi\u00e8re grande manifestation contre le projet de deux giga-bassines qui totaliserait 2,3 M de m\u00b3. <strong>Les manifestant.es ont mat\u00e9rialis\u00e9 en cha\u00eene humaine l&#8217;emplacement du projet et sem\u00e9 en ligne des milliers de graines \u00e0 m\u00eame de faire repousser des centaines de m\u00e8tres de haies<\/strong>. <strong>Ils ont ensuite obstru\u00e9 des drains pour retenir l&rsquo;eau dans les terres,<\/strong> participer ainsi \u00e0 remplir des nappes plut\u00f4t que de les vider avec les bassines, et favoriser la biodiversit\u00e9.<\/h3>\n<p>Lire la suite <a href=\"https:\/\/lessoulevementsdelaterre.org\/blog\/plus-de-6000-personnes-marchent-contre-deux-projet\">ici<\/a><\/p>\n<div class=\"zoom-img\">\n<div data-rmiz-wrap=\"visible\"><img loading=\"lazy\" decoding=\"async\" class=\"\" src=\"https:\/\/images.prismic.io\/soulevements\/Zj95y0FLKBtrWy0s_signal-2024-05-11-15-58-19-293.jpg?auto=format,compress\" alt=\"\" width=\"468\" height=\"468\" \/><\/div>\n<\/div>\n","protected":false},"excerpt":{"rendered":"<p>Ce samedi 11 Mai \u00e0 l\u2019appel de BNM 63, La conf\u00e9d\u00e9ration paysanne, les Soul\u00e8vements de la terre et\u00a0 les faucheurs volontaires, 6000 \u00e0 7000 personnes ont converg\u00e9 vers la Limagne pour une premi\u00e8re grande manifestation contre le projet de deux &hellip; <a href=\"https:\/\/laluttedessucs.noblogs.org\/?p=1462\">Continuer la lecture <span class=\"meta-nav\">&rarr;<\/span><\/a><\/p>\n","protected":false},"author":15577,"featured_media":0,"comment_status":"closed","ping_status":"closed","sticky":false,"template":"","format":"standard","meta":{"footnotes":""},"categories":[7],"tags":[],"class_list":["post-1462","post","type-post","status-publish","format-standard","hentry","category-actualite-de-la-lutte"],"_links":{"self":[{"href":"https:\/\/laluttedessucs.noblogs.org\/index.php?rest_route=\/wp\/v2\/posts\/1462","targetHints":{"allow":["GET"]}}],"collection":[{"href":"https:\/\/laluttedessucs.noblogs.org\/index.php?rest_route=\/wp\/v2\/posts"}],"about":[{"href":"https:\/\/laluttedessucs.noblogs.org\/index.php?rest_route=\/wp\/v2\/types\/post"}],"author":[{"embeddable":true,"href":"https:\/\/laluttedessucs.noblogs.org\/index.php?rest_route=\/wp\/v2\/users\/15577"}],"replies":[{"embeddable":true,"href":"https:\/\/laluttedessucs.noblogs.org\/index.php?rest_route=%2Fwp%2Fv2%2Fcomments&post=1462"}],"version-history":[{"count":2,"href":"https:\/\/laluttedessucs.noblogs.org\/index.php?rest_route=\/wp\/v2\/posts\/1462\/revisions"}],"predecessor-version":[{"id":1464,"href":"https:\/\/laluttedessucs.noblogs.org\/index.php?rest_route=\/wp\/v2\/posts\/1462\/revisions\/1464"}],"wp:attachment":[{"href":"https:\/\/laluttedessucs.noblogs.org\/index.php?rest_route=%2Fwp%2Fv2%2Fmedia&parent=1462"}],"wp:term":[{"taxonomy":"category","embeddable":true,"href":"https:\/\/laluttedessucs.noblogs.org\/index.php?rest_route=%2Fwp%2Fv2%2Fcategories&post=1462"},{"taxonomy":"post_tag","embeddable":true,"href":"https:\/\/laluttedessucs.noblogs.org\/index.php?rest_route=%2Fwp%2Fv2%2Ftags&post=1462"}],"curies":[{"name":"wp","href":"https:\/\/api.w.org\/{rel}","templated":true}]}}